{"id":3355,"date":"2023-05-26T18:44:15","date_gmt":"2023-05-26T16:44:15","guid":{"rendered":"http:\/\/nxe2u9u7.web46.alfahosting-server.de\/?p=3355"},"modified":"2023-05-26T18:44:15","modified_gmt":"2023-05-26T16:44:15","slug":"jubilaeumsempfang-am-19-05-2023","status":"publish","type":"post","link":"https:\/\/rsv-gau-algesheim.de\/?p=3355","title":{"rendered":"Jubil\u00e4umsempfang am 19.05.2023"},"content":{"rendered":"\n<p><p class=\"MsoNormal\"><span style=\"font-size:12.0pt;line-height:107%\">Welch eine Aufgabe die der Vorstand -der Festausschuss- wir uns nat\u00fcrlich selbst gestellt haben. Nicht nur weil wir gerne feiern, das w\u00e4re auch wesentlich einfacher m\u00f6glich gewesen.<\/span><\/p><p class=\"MsoNormal\"><span style=\"font-size:12.0pt;line-height:107%\">Sondern weil uns bewusst ist, was in den vielen &#8211; vielen Jahren vor uns hier schon geleistet wurde und das galt es mit Ihnen allen, mit dieser tollen Stadt, mit jedem der jemals diesen Sport betrieben hat, mit jedem der f\u00fchlt \u201eich bin auch ein St\u00fcckchen RSVler\u201c, zu w\u00fcrdigen. So begr\u00fc\u00dfte der RSV seine G\u00e4ste<\/span><\/p><p class=\"MsoNormal\"><span style=\"font-size:12.0pt;line-height:107%\">in der passend geschm\u00fcckten und dekorierten vereinseigenen Halle ganz herzlich anl\u00e4sslich des 125 zigsten Geburtstages.<\/span><\/p><p class=\"MsoNormal\"><span style=\"font-size:12.0pt;line-height:107%\">Vorab bedankte sich die 1. Vorsitzende <\/span><\/p><p class=\"MsoListParagraphCxSpFirst\" style=\"text-indent:-18.0pt;mso-list:l0 level1 lfo1\"><span style=\"font-size:12.0pt;line-height:107%;font-family:Symbol;mso-fareast-font-family:\nSymbol;mso-bidi-font-family:Symbol\"><span style=\"mso-list:Ignore\">\u00b7<span style=\"font:7.0pt &quot;Times New Roman&quot;\">\u00a0\u00a0\u00a0\u00a0\u00a0\u00a0 <\/span><\/span><\/span><span style=\"font-size:12.0pt;line-height:107%\">f\u00fcr den Kampfgeist der Festausschussmitglider f\u00fcr unz\u00e4hlige Stunden \/ Abende \/ Gespr\u00e4che \/ manch kraftzehrende Diskussion und das entstandene Ergebnis<\/span><\/p><p class=\"MsoListParagraphCxSpMiddle\" style=\"text-indent:-18.0pt;mso-list:l0 level1 lfo1\"><span style=\"font-size:12.0pt;line-height:107%;font-family:Symbol;mso-fareast-font-family:\nSymbol;mso-bidi-font-family:Symbol\"><span style=\"mso-list:Ignore\">\u00b7<span style=\"font:7.0pt &quot;Times New Roman&quot;\">\u00a0\u00a0\u00a0\u00a0\u00a0\u00a0 <\/span><\/span><\/span><span style=\"font-size:12.0pt;line-height:107%\">beim Gesamtvorstand, der dies alles mitgetragen hat und verantwortet<\/span><\/p><p class=\"MsoListParagraphCxSpMiddle\" style=\"text-indent:-18.0pt;mso-list:l0 level1 lfo1\"><span style=\"font-size:12.0pt;line-height:107%;font-family:Symbol;mso-fareast-font-family:\nSymbol;mso-bidi-font-family:Symbol\"><span style=\"mso-list:Ignore\">\u00b7<span style=\"font:7.0pt &quot;Times New Roman&quot;\">\u00a0\u00a0\u00a0\u00a0\u00a0\u00a0 <\/span><\/span><\/span><span style=\"font-size:12.0pt;line-height:107%\">bei allen sechs Arbeitsgruppen, mit \u00fcber 30 Mitgliedern<\/span><\/p><p class=\"MsoListParagraphCxSpMiddle\" style=\"text-indent:-18.0pt;mso-list:l0 level1 lfo1\"><span style=\"font-size:12.0pt;line-height:107%;font-family:Symbol;mso-fareast-font-family:\nSymbol;mso-bidi-font-family:Symbol\"><span style=\"mso-list:Ignore\">\u00b7<span style=\"font:7.0pt &quot;Times New Roman&quot;\">\u00a0\u00a0\u00a0\u00a0\u00a0\u00a0 <\/span><\/span><\/span><span style=\"font-size:12.0pt;line-height:107%\">bei der Wirtschaftskommission \u2013 die G\u00e4ste durften sp\u00e4ter auch noch erschmecken warum &#8211;<span style=\"mso-spacerun:yes\">\u00a0 <\/span>und allen Helfern in und um unsere Halle \u2013 f\u00fcr heute und auch f\u00fcr unser Festwochenende im Juni<\/span><\/p><p class=\"MsoListParagraphCxSpMiddle\" style=\"text-indent:-18.0pt;mso-list:l0 level1 lfo1\"><span style=\"font-size:12.0pt;line-height:107%;font-family:Symbol;mso-fareast-font-family:\nSymbol;mso-bidi-font-family:Symbol\"><span style=\"mso-list:Ignore\">\u00b7<span style=\"font:7.0pt &quot;Times New Roman&quot;\">\u00a0\u00a0\u00a0\u00a0\u00a0\u00a0 <\/span><\/span><\/span><span style=\"font-size:12.0pt;line-height:107%\">und unseren Sponsoren, es war ein ganz besonderes Gef\u00fchl f\u00fcr uns zu sp\u00fcren, wie viele diesen Verein sch\u00e4tzen und unterst\u00fctzen<\/span><\/p><p class=\"MsoListParagraphCxSpLast\" style=\"text-indent:-18.0pt;mso-list:l0 level1 lfo1\"><span style=\"font-size:12.0pt;line-height:107%;font-family:Symbol;mso-fareast-font-family:\nSymbol;mso-bidi-font-family:Symbol\"><span style=\"mso-list:Ignore\">\u00b7<span style=\"font:7.0pt &quot;Times New Roman&quot;\">\u00a0\u00a0\u00a0\u00a0\u00a0\u00a0 <\/span><\/span><\/span><span style=\"font-size:12.0pt;line-height:107%\">und dankte allen Gratulanten, denn nur mit G\u00e4sten macht das Feiern richtig Spa\u00df<\/span><\/p><p class=\"MsoNormal\"><span style=\"font-size:12.0pt;line-height:107%\">\u00a0<\/span><\/p><p class=\"MsoNormal\"><span style=\"font-size:12.0pt;line-height:107%\">Es folgte ein sehr ausgelassenes Gespr\u00e4chsprogramm mit G\u00e4sten aus der Politik, Sport und Vereinen, die Redner wurden mit eigenen sportlichen Erfolgen konfrontiert und hatten dennoch etwas Zeit f\u00fcr die guten W\u00fcnsche gerichtet an den Jubil\u00e4umsverein. In der Zeit des sicheren Online-Bankings auch ohne die passenden \u201eUmschl\u00e4ge\u201c was dem fr\u00f6hlichen Verlauf sehr dienlich war.<\/span><\/p><p class=\"MsoNormal\"><span style=\"font-size:12.0pt;line-height:107%\">Ganz besondere Gru\u00dfworte, mit Erlebnispotential, fand unser Schirmherr Christian D\u00f6ring, der nicht nur den Hallenradsport gut kennt, sondern auch unseren Verein und die unerl\u00e4ssliche Notwendigkeit des Ehrenamtes im Allgemeinen.<\/span><\/p><p class=\"MsoNormal\"><span style=\"font-size:12.0pt;line-height:107%\">Eine kleine Traumschiffreise katapultierte uns mit einer dreist\u00f6ckigen Traumtorte direkt in den geselligen Zeitrahmen dieses kurzweiligen Abends. Die Wirtschaftskommission verw\u00f6hnte Augen und Gaumen. Die pr\u00e4sentierten Bilder der Diashow und der aufgestellten Staffeleien sorgten f\u00fcr wundersch\u00f6ne Gespr\u00e4che. Soweit wir vermuten, konnten alle G\u00e4ste und Repr\u00e4sentanten diesen Abend genie\u00dfen. Vielen Dank f\u00fcr Ihre Teilnahme.<\/span><\/p> <\/p>\n\n\n\n<figure class=\"wp-block-image\"><img loading=\"lazy\" decoding=\"async\" width=\"2048\" height=\"1365\" src=\"https:\/\/rsv-gau-algesheim.de\/wp-content\/uploads\/2023\/05\/52916229605_73acedca98_k1477.jpg\" alt=\"\" class=\"wp-image-3356\" srcset=\"https:\/\/rsv-gau-algesheim.de\/wp-content\/uploads\/2023\/05\/52916229605_73acedca98_k1477.jpg 2048w, https:\/\/rsv-gau-algesheim.de\/wp-content\/uploads\/2023\/05\/52916229605_73acedca98_k1477-300x200.jpg 300w, https:\/\/rsv-gau-algesheim.de\/wp-content\/uploads\/2023\/05\/52916229605_73acedca98_k1477-1024x683.jpg 1024w, https:\/\/rsv-gau-algesheim.de\/wp-content\/uploads\/2023\/05\/52916229605_73acedca98_k1477-768x512.jpg 768w, https:\/\/rsv-gau-algesheim.de\/wp-content\/uploads\/2023\/05\/52916229605_73acedca98_k1477-1536x1024.jpg 1536w\" sizes=\"auto, (max-width: 2048px) 100vw, 2048px\" \/><\/figure>\n","protected":false},"excerpt":{"rendered":"<p>Welch eine Aufgabe die der Vorstand -der Festausschuss- wir uns nat\u00fcrlich selbst gestellt haben. Nicht nur weil wir gerne feiern, das w\u00e4re auch wesentlich einfacher m\u00f6glich gewesen. Sondern weil uns bewusst ist, was in den vielen &#8211; vielen Jahren vor uns hier schon geleistet wurde und das galt es mit Ihnen allen, mit dieser tollen Stadt, mit jedem der jemals<\/p>\n","protected":false},"author":2,"featured_media":3357,"comment_status":"closed","ping_status":"closed","sticky":false,"template":"","format":"standard","meta":{"_jetpack_memberships_contains_paid_content":false,"footnotes":""},"categories":[1],"tags":[],"class_list":["post-3355","post","type-post","status-publish","format-standard","has-post-thumbnail","hentry","category-allgemein"],"jetpack_featured_media_url":"https:\/\/rsv-gau-algesheim.de\/wp-content\/uploads\/2023\/05\/52916244120_29e36de015_k-e1685119415918.jpg","jetpack_sharing_enabled":true,"_links":{"self":[{"href":"https:\/\/rsv-gau-algesheim.de\/index.php?rest_route=\/wp\/v2\/posts\/3355","targetHints":{"allow":["GET"]}}],"collection":[{"href":"https:\/\/rsv-gau-algesheim.de\/index.php?rest_route=\/wp\/v2\/posts"}],"about":[{"href":"https:\/\/rsv-gau-algesheim.de\/index.php?rest_route=\/wp\/v2\/types\/post"}],"author":[{"embeddable":true,"href":"https:\/\/rsv-gau-algesheim.de\/index.php?rest_route=\/wp\/v2\/users\/2"}],"replies":[{"embeddable":true,"href":"https:\/\/rsv-gau-algesheim.de\/index.php?rest_route=%2Fwp%2Fv2%2Fcomments&post=3355"}],"version-history":[{"count":1,"href":"https:\/\/rsv-gau-algesheim.de\/index.php?rest_route=\/wp\/v2\/posts\/3355\/revisions"}],"predecessor-version":[{"id":3358,"href":"https:\/\/rsv-gau-algesheim.de\/index.php?rest_route=\/wp\/v2\/posts\/3355\/revisions\/3358"}],"wp:featuredmedia":[{"embeddable":true,"href":"https:\/\/rsv-gau-algesheim.de\/index.php?rest_route=\/wp\/v2\/media\/3357"}],"wp:attachment":[{"href":"https:\/\/rsv-gau-algesheim.de\/index.php?rest_route=%2Fwp%2Fv2%2Fmedia&parent=3355"}],"wp:term":[{"taxonomy":"category","embeddable":true,"href":"https:\/\/rsv-gau-algesheim.de\/index.php?rest_route=%2Fwp%2Fv2%2Fcategories&post=3355"},{"taxonomy":"post_tag","embeddable":true,"href":"https:\/\/rsv-gau-algesheim.de\/index.php?rest_route=%2Fwp%2Fv2%2Ftags&post=3355"}],"curies":[{"name":"wp","href":"https:\/\/api.w.org\/{rel}","templated":true}]}}