{"id":3175,"date":"2023-03-14T19:46:07","date_gmt":"2023-03-14T17:46:07","guid":{"rendered":"http:\/\/nxe2u9u7.web46.alfahosting-server.de\/?p=3175"},"modified":"2023-03-14T19:48:06","modified_gmt":"2023-03-14T17:48:06","slug":"bericht-zur-jubilaeums-jahres-hauptversammlung-jjhv-2023","status":"publish","type":"post","link":"https:\/\/rsv-gau-algesheim.de\/?p=3175","title":{"rendered":"Bericht zur Jubil\u00e4ums-Jahres-Hauptversammlung (JJHV) 2023"},"content":{"rendered":"<p style=\"margin: 0in; font-family: Calibri; font-size: 11.0pt;\">Das erste Mal seit drei Jahren war die Jahres-Hauptversammlung dieses Jahr, wie es die Satzung vorgibt, wieder im M\u00e4rz. Dieses Jahr wurde diese als Jubil\u00e4ums-Jahres-Hauptversammlung betitelt. Und das nicht ohne Grund. Dennin diesem Jahr feiert der Radsportverein Gau-Algesheim sein 125-j\u00e4hriges Bestehen.<\/p>\n<p style=\"margin: 0in; font-family: Calibri; font-size: 11.0pt;\">Nach der Begr\u00fc\u00dfung der Ehrenmitglieder und dem Gedenken an die verstorbenen Mitglieder, ging es zu den einzelnen Jahresberichten \u00fcber. Die Vorstandsvorsitzende Christiane Sch\u00f6n informierte \u00fcber die neue Au\u00dfenbeleuchtung an der Halle, sowie die erfolgreichen Aktivit\u00e4ten, wie zum Beispiel der Neue-Abend, der Familien-Tag, das Dachcafe und der Fastnachtsumzug, an dem der RSV mit einer Fahrradkolone teilgenommen hatte.<\/p>\n<p style=\"margin: 0in; font-family: Calibri; font-size: 11.0pt;\">Sowohl Andrea B\u00f6er als auch Stefan Hassemer, welche jeweils die Sportausschussvorsitzende und den Abteilungsleiter Kunstrad stellen, bedankten sich bei allen Trainern f\u00fcr ihre freiwillige Arbeit, hier zeigten sich die Erfolge schon in den ersten Wettk\u00e4mpfen dieses Jahres zeigten. Herman Sch\u00f6n Fachwart f\u00fcr Breitensport, berichtete ausf\u00fchrlich vom Volksradfahren und der 19. Car &amp; Bike Tour.<\/p>\n<p style=\"margin: 0in; font-family: Calibri; font-size: 11.0pt;\">Michael Stadler informierte die Anwesenden Teilnehmern \u00fcber die Vorbereitungen zum 125-j\u00e4hrigem Jubil\u00e4um. Hier gab es eine Menge zu berichten. Denn der Festausschuss plant schon seit Oktober 2021 das Jubil\u00e4um, welches mit \u00a0vielen sportlichen Wettk\u00e4mpfen, sowie einem Jubil\u00e4umsempfang am 13.05., einem Open-Air am 09.06. und den Jubil\u00e4umsabend RAD-ZEIT-REISE am 10.06. geplant ist.<\/p>\n<p style=\"margin: 0in; font-family: Calibri; font-size: 11.0pt;\">Nach diesen ausf\u00fchrlichen Berichten war der Kassenbericht an der Reihe. Hier wurde von Klaus Hattemer die Zahlen des letzten halben Jahres vorgetragen und erkl\u00e4rt. Anschlie\u00dfen beantragten die Kassenpr\u00fcfern die Entlastung des Vorstandes.<\/p>\n<p style=\"margin: 0in; font-family: Calibri; font-size: 11.0pt;\">Die Wahlen gingen dann schnell vonstatten. Denn gr\u00f6\u00dftenteils waren dies Wiederwahlen. Neu gew\u00e4hlt wurde Sarah Wenzel, welche nun zur Beisitzerin gew\u00e4hlt wurde, Myriam Zocher und Katrin B\u00f6er als neue Jugendreferentinnen und Lukas Rauch als Abteilungsleiter Radball von den Mitgliedern best\u00e4tigt wurden.<\/p>\n<p style=\"margin: 0in; font-family: Calibri; font-size: 11.0pt;\">nach der st\u00e4rkenden Pause wurde Michaela Sch\u00f6n, Christian Hemmkeppler und Alexandra Thom\u00e4 f\u00fcr Ihre Arbeit im Vorstand gedankt. Ebenfalls wurden Ehrungen ausgesprochen. Dabei war die Ehrung von Hans Fleckenstein und Hans Feser besonders sch\u00f6n. Denn beide sind seit Jahren 75 Jahren Mitglied des Vereines, was eine beachtliche Leistung darstellt, wenn man \u00fcberlegt, dass es den Verein erst seit 125 Jahren gibt. Auch wurde Petra Sch\u00f6n f\u00fcr 40 Jahre die Goldene und Lea Sch\u00f6n, Michaela Sch\u00f6n, sowie Simon Fastner f\u00fcr 25 Jahre die Silberne Ehrennadel verliehen.<\/p>\n<p style=\"margin: 0in; font-family: Calibri; font-size: 11.0pt;\">Der Verein schaut optimistisch und motiviert ins Jubil\u00e4umsjahr und l\u00e4dt alle B\u00fcrger ein dies mitzufeiern.<a href=\"https:\/\/rsv-gau-algesheim.de\/wp-content\/uploads\/2023\/03\/JHV-2023-M\u00e4rz-1.jpg\"><img loading=\"lazy\" decoding=\"async\" class=\"aligncenter  wp-image-3178\" src=\"https:\/\/rsv-gau-algesheim.de\/wp-content\/uploads\/2023\/03\/JHV-2023-M\u00e4rz-1-300x199.jpg\" alt=\"\" width=\"712\" height=\"473\" srcset=\"https:\/\/rsv-gau-algesheim.de\/wp-content\/uploads\/2023\/03\/JHV-2023-M\u00e4rz-1-300x199.jpg 300w, https:\/\/rsv-gau-algesheim.de\/wp-content\/uploads\/2023\/03\/JHV-2023-M\u00e4rz-1-768x509.jpg 768w, https:\/\/rsv-gau-algesheim.de\/wp-content\/uploads\/2023\/03\/JHV-2023-M\u00e4rz-1.jpg 1848w\" sizes=\"auto, (max-width: 712px) 100vw, 712px\" \/><\/a><\/p>\n","protected":false},"excerpt":{"rendered":"<p>Das erste Mal seit drei Jahren war die Jahres-Hauptversammlung dieses Jahr, wie es die Satzung vorgibt, wieder im M\u00e4rz. Dieses Jahr wurde diese als Jubil\u00e4ums-Jahres-Hauptversammlung betitelt. Und das nicht ohne Grund. Dennin diesem Jahr feiert der Radsportverein Gau-Algesheim sein 125-j\u00e4hriges Bestehen. Nach der Begr\u00fc\u00dfung der Ehrenmitglieder und dem Gedenken an die verstorbenen Mitglieder, ging es zu den einzelnen Jahresberichten \u00fcber.<\/p>\n","protected":false},"author":2,"featured_media":3176,"comment_status":"closed","ping_status":"closed","sticky":false,"template":"","format":"standard","meta":{"_jetpack_memberships_contains_paid_content":false,"footnotes":""},"categories":[1],"tags":[],"class_list":["post-3175","post","type-post","status-publish","format-standard","has-post-thumbnail","hentry","category-allgemein"],"jetpack_featured_media_url":"https:\/\/rsv-gau-algesheim.de\/wp-content\/uploads\/2023\/03\/JHV-2023-M\u00e4rz-e1678815952726.jpg","jetpack_sharing_enabled":true,"_links":{"self":[{"href":"https:\/\/rsv-gau-algesheim.de\/index.php?rest_route=\/wp\/v2\/posts\/3175","targetHints":{"allow":["GET"]}}],"collection":[{"href":"https:\/\/rsv-gau-algesheim.de\/index.php?rest_route=\/wp\/v2\/posts"}],"about":[{"href":"https:\/\/rsv-gau-algesheim.de\/index.php?rest_route=\/wp\/v2\/types\/post"}],"author":[{"embeddable":true,"href":"https:\/\/rsv-gau-algesheim.de\/index.php?rest_route=\/wp\/v2\/users\/2"}],"replies":[{"embeddable":true,"href":"https:\/\/rsv-gau-algesheim.de\/index.php?rest_route=%2Fwp%2Fv2%2Fcomments&post=3175"}],"version-history":[{"count":3,"href":"https:\/\/rsv-gau-algesheim.de\/index.php?rest_route=\/wp\/v2\/posts\/3175\/revisions"}],"predecessor-version":[{"id":3180,"href":"https:\/\/rsv-gau-algesheim.de\/index.php?rest_route=\/wp\/v2\/posts\/3175\/revisions\/3180"}],"wp:featuredmedia":[{"embeddable":true,"href":"https:\/\/rsv-gau-algesheim.de\/index.php?rest_route=\/wp\/v2\/media\/3176"}],"wp:attachment":[{"href":"https:\/\/rsv-gau-algesheim.de\/index.php?rest_route=%2Fwp%2Fv2%2Fmedia&parent=3175"}],"wp:term":[{"taxonomy":"category","embeddable":true,"href":"https:\/\/rsv-gau-algesheim.de\/index.php?rest_route=%2Fwp%2Fv2%2Fcategories&post=3175"},{"taxonomy":"post_tag","embeddable":true,"href":"https:\/\/rsv-gau-algesheim.de\/index.php?rest_route=%2Fwp%2Fv2%2Ftags&post=3175"}],"curies":[{"name":"wp","href":"https:\/\/api.w.org\/{rel}","templated":true}]}}