{"id":3093,"date":"2022-12-09T12:08:22","date_gmt":"2022-12-09T10:08:22","guid":{"rendered":"http:\/\/nxe2u9u7.web46.alfahosting-server.de\/?p=3093"},"modified":"2022-12-16T10:22:38","modified_gmt":"2022-12-16T08:22:38","slug":"der-rsv-im-radio-hoert-rein","status":"publish","type":"post","link":"https:\/\/rsv-gau-algesheim.de\/?p=3093","title":{"rendered":"Der RSV im Radio &#8211; h\u00f6rt rein"},"content":{"rendered":"<p>Antenne Mainz hat uns eingeladen, Andreas Bockius war der Moderator, wir durften unseren Verein vorstellen und die &#8222;Welt&#8220; auf unser Jubil\u00e4um hinweisen. DANKE<\/p>\n<p><a href=\"https:\/\/rsv-gau-algesheim.de\/wp-content\/uploads\/2022\/12\/Screenshot_20221205-202652_Edge.jpg\"><img loading=\"lazy\" decoding=\"async\" class=\"alignnone size-medium wp-image-3095\" src=\"https:\/\/rsv-gau-algesheim.de\/wp-content\/uploads\/2022\/12\/Screenshot_20221205-202652_Edge-300x217.jpg\" alt=\"\" width=\"300\" height=\"217\" srcset=\"https:\/\/rsv-gau-algesheim.de\/wp-content\/uploads\/2022\/12\/Screenshot_20221205-202652_Edge-300x217.jpg 300w, https:\/\/rsv-gau-algesheim.de\/wp-content\/uploads\/2022\/12\/Screenshot_20221205-202652_Edge-768x556.jpg 768w, https:\/\/rsv-gau-algesheim.de\/wp-content\/uploads\/2022\/12\/Screenshot_20221205-202652_Edge.jpg 978w\" sizes=\"auto, (max-width: 300px) 100vw, 300px\" \/><\/a><\/p>\n<audio class=\"wp-audio-shortcode\" id=\"audio-3093-1\" preload=\"none\" style=\"width: 100%;\" controls=\"controls\"><source type=\"audio\/mpeg\" src=\"https:\/\/rsv-gau-algesheim.de\/wp-content\/uploads\/2022\/12\/221206_ChefOnAir_RSV1898_GauAlgesheim_Mitschnitt.mp3?_=1\" \/><a href=\"https:\/\/rsv-gau-algesheim.de\/wp-content\/uploads\/2022\/12\/221206_ChefOnAir_RSV1898_GauAlgesheim_Mitschnitt.mp3\">https:\/\/rsv-gau-algesheim.de\/wp-content\/uploads\/2022\/12\/221206_ChefOnAir_RSV1898_GauAlgesheim_Mitschnitt.mp3<\/a><\/audio>\n<p><a href=\"https:\/\/rsv-gau-algesheim.de\/wp-content\/uploads\/2022\/12\/IMG-20221206-WA0003.jpg\">Leider hat sich Christiane in der Aufregung versprochen: unser Jubil\u00e4umsabend &#8222;RadZeitReise&#8220; findet am 10.06.2023 in der <strong>Schlo\u00df-Ardeck-Sporthalle<\/strong> statt!<img loading=\"lazy\" decoding=\"async\" class=\"alignnone size-medium wp-image-3094\" src=\"https:\/\/rsv-gau-algesheim.de\/wp-content\/uploads\/2022\/12\/IMG-20221206-WA0003-300x241.jpg\" alt=\"\" width=\"300\" height=\"241\" srcset=\"https:\/\/rsv-gau-algesheim.de\/wp-content\/uploads\/2022\/12\/IMG-20221206-WA0003-300x241.jpg 300w, https:\/\/rsv-gau-algesheim.de\/wp-content\/uploads\/2022\/12\/IMG-20221206-WA0003-768x618.jpg 768w, https:\/\/rsv-gau-algesheim.de\/wp-content\/uploads\/2022\/12\/IMG-20221206-WA0003-1024x824.jpg 1024w, https:\/\/rsv-gau-algesheim.de\/wp-content\/uploads\/2022\/12\/IMG-20221206-WA0003.jpg 1583w\" sizes=\"auto, (max-width: 300px) 100vw, 300px\" \/><\/a><\/p>\n<p>&nbsp;<\/p>\n","protected":false},"excerpt":{"rendered":"<p>Antenne Mainz hat uns eingeladen, Andreas Bockius war der Moderator, wir durften unseren Verein vorstellen und die &#8222;Welt&#8220; auf unser Jubil\u00e4um hinweisen. DANKE Leider hat sich Christiane in der Aufregung versprochen: unser Jubil\u00e4umsabend &#8222;RadZeitReise&#8220; findet am 10.06.2023 in der Schlo\u00df-Ardeck-Sporthalle statt! &nbsp;<\/p>\n","protected":false},"author":5,"featured_media":3099,"comment_status":"closed","ping_status":"closed","sticky":false,"template":"","format":"standard","meta":{"_jetpack_memberships_contains_paid_content":false,"footnotes":""},"categories":[1,10],"tags":[],"class_list":["post-3093","post","type-post","status-publish","format-standard","has-post-thumbnail","hentry","category-allgemein","category-veranstaltung"],"jetpack_featured_media_url":"https:\/\/rsv-gau-algesheim.de\/wp-content\/uploads\/2022\/12\/IMG-20221206-WA0003a.jpg","jetpack_sharing_enabled":true,"_links":{"self":[{"href":"https:\/\/rsv-gau-algesheim.de\/index.php?rest_route=\/wp\/v2\/posts\/3093","targetHints":{"allow":["GET"]}}],"collection":[{"href":"https:\/\/rsv-gau-algesheim.de\/index.php?rest_route=\/wp\/v2\/posts"}],"about":[{"href":"https:\/\/rsv-gau-algesheim.de\/index.php?rest_route=\/wp\/v2\/types\/post"}],"author":[{"embeddable":true,"href":"https:\/\/rsv-gau-algesheim.de\/index.php?rest_route=\/wp\/v2\/users\/5"}],"replies":[{"embeddable":true,"href":"https:\/\/rsv-gau-algesheim.de\/index.php?rest_route=%2Fwp%2Fv2%2Fcomments&post=3093"}],"version-history":[{"count":7,"href":"https:\/\/rsv-gau-algesheim.de\/index.php?rest_route=\/wp\/v2\/posts\/3093\/revisions"}],"predecessor-version":[{"id":3105,"href":"https:\/\/rsv-gau-algesheim.de\/index.php?rest_route=\/wp\/v2\/posts\/3093\/revisions\/3105"}],"wp:featuredmedia":[{"embeddable":true,"href":"https:\/\/rsv-gau-algesheim.de\/index.php?rest_route=\/wp\/v2\/media\/3099"}],"wp:attachment":[{"href":"https:\/\/rsv-gau-algesheim.de\/index.php?rest_route=%2Fwp%2Fv2%2Fmedia&parent=3093"}],"wp:term":[{"taxonomy":"category","embeddable":true,"href":"https:\/\/rsv-gau-algesheim.de\/index.php?rest_route=%2Fwp%2Fv2%2Fcategories&post=3093"},{"taxonomy":"post_tag","embeddable":true,"href":"https:\/\/rsv-gau-algesheim.de\/index.php?rest_route=%2Fwp%2Fv2%2Ftags&post=3093"}],"curies":[{"name":"wp","href":"https:\/\/api.w.org\/{rel}","templated":true}]}}