{"id":3055,"date":"2022-09-24T09:24:46","date_gmt":"2022-09-24T07:24:46","guid":{"rendered":"http:\/\/nxe2u9u7.web46.alfahosting-server.de\/?p=3055"},"modified":"2022-09-24T09:24:46","modified_gmt":"2022-09-24T07:24:46","slug":"19-car-bike-tour","status":"publish","type":"post","link":"https:\/\/rsv-gau-algesheim.de\/?p=3055","title":{"rendered":"19. Car &#038; Bike Tour"},"content":{"rendered":"<p>Am Sonntag den 4.09.2022 fuhren gut 40 RSVler zuerst mit den Autos nach Lauterecken der Veldenzstadt ins Glantal. Mit den Fahrr\u00e4dern ging es dann bei herrlichem Radlerwetter auf dem Glan-Bliesradweg, entlang dem Glan und der Draisinenstrecke durch das Pf\u00e4lzer Bergland ins Musikantenland, nach Kusel der drittkleinsten Kreisstadt in Deutschland und wieder zur\u00fcck.<\/p>\n<p>Ein Begleit\/Servicefahrzeug war immer in unserer N\u00e4he und versorgte uns am Draisinenbahnhof St.Julian, an der Erdesbacher M\u00fchle, an der Flurskapelle in Ulmet und in Kusel mit Weck, Worschd und Woi.<\/p>\n<p>In Ulmet erkl\u00e4rte uns Herr Jung vom Heimatverein einiges \u00fcber das Umland, der Kapeller Br\u00fccke \u00fcber den Glan, der \u00fcber 100 Jahre Grenze zwischen der bayrischen Rheinpfalz und der preu\u00dfischen Rheinprovinz war und die 950 Jahre alte Flurskapelle selbst. Einige von uns testeten die gute Akustik in der Kapelle mit einem Kirchenlied und alle waren beeindruckt. Nach 56 geradelten Kilometern erreichten wir wieder unsere Auto`s und es ging zur\u00fcck nach Hause an den wundersch\u00f6nen Rhein in unser St\u00e4dtelein Gau-Algesheim.<\/p>\n<p>Alle waren mit dem wundersch\u00f6nen Tag zufrieden und freuen sich schon auf die beiden Touren im Jubil\u00e4umsjahr 2023 in dem der Radsportverein seinen 125. Geburtstag feiert.<\/p>\n<p><a href=\"https:\/\/rsv-gau-algesheim.de\/wp-content\/uploads\/2022\/09\/Abfahrt-1969.jpg\"><img loading=\"lazy\" decoding=\"async\" class=\" wp-image-3057 alignleft\" src=\"https:\/\/rsv-gau-algesheim.de\/wp-content\/uploads\/2022\/09\/Abfahrt-1969-300x146.jpg\" alt=\"\" width=\"744\" height=\"363\" srcset=\"https:\/\/rsv-gau-algesheim.de\/wp-content\/uploads\/2022\/09\/Abfahrt-1969-300x146.jpg 300w, https:\/\/rsv-gau-algesheim.de\/wp-content\/uploads\/2022\/09\/Abfahrt-1969-1024x498.jpg 1024w, https:\/\/rsv-gau-algesheim.de\/wp-content\/uploads\/2022\/09\/Abfahrt-1969.jpg 2016w\" sizes=\"auto, (max-width: 744px) 100vw, 744px\" \/><\/a><\/p>\n","protected":false},"excerpt":{"rendered":"<p>Am Sonntag den 4.09.2022 fuhren gut 40 RSVler zuerst mit den Autos nach Lauterecken der Veldenzstadt ins Glantal. Mit den Fahrr\u00e4dern ging es dann bei herrlichem Radlerwetter auf dem Glan-Bliesradweg, entlang dem Glan und der Draisinenstrecke durch das Pf\u00e4lzer Bergland ins Musikantenland, nach Kusel der drittkleinsten Kreisstadt in Deutschland und wieder zur\u00fcck. Ein Begleit\/Servicefahrzeug war immer in unserer N\u00e4he und<\/p>\n","protected":false},"author":2,"featured_media":3056,"comment_status":"closed","ping_status":"closed","sticky":false,"template":"","format":"standard","meta":{"_jetpack_memberships_contains_paid_content":false,"footnotes":""},"categories":[1],"tags":[],"class_list":["post-3055","post","type-post","status-publish","format-standard","has-post-thumbnail","hentry","category-allgemein"],"jetpack_featured_media_url":"https:\/\/rsv-gau-algesheim.de\/wp-content\/uploads\/2022\/09\/Pause-1b964.jpg","jetpack_sharing_enabled":true,"_links":{"self":[{"href":"https:\/\/rsv-gau-algesheim.de\/index.php?rest_route=\/wp\/v2\/posts\/3055","targetHints":{"allow":["GET"]}}],"collection":[{"href":"https:\/\/rsv-gau-algesheim.de\/index.php?rest_route=\/wp\/v2\/posts"}],"about":[{"href":"https:\/\/rsv-gau-algesheim.de\/index.php?rest_route=\/wp\/v2\/types\/post"}],"author":[{"embeddable":true,"href":"https:\/\/rsv-gau-algesheim.de\/index.php?rest_route=\/wp\/v2\/users\/2"}],"replies":[{"embeddable":true,"href":"https:\/\/rsv-gau-algesheim.de\/index.php?rest_route=%2Fwp%2Fv2%2Fcomments&post=3055"}],"version-history":[{"count":3,"href":"https:\/\/rsv-gau-algesheim.de\/index.php?rest_route=\/wp\/v2\/posts\/3055\/revisions"}],"predecessor-version":[{"id":3060,"href":"https:\/\/rsv-gau-algesheim.de\/index.php?rest_route=\/wp\/v2\/posts\/3055\/revisions\/3060"}],"wp:featuredmedia":[{"embeddable":true,"href":"https:\/\/rsv-gau-algesheim.de\/index.php?rest_route=\/wp\/v2\/media\/3056"}],"wp:attachment":[{"href":"https:\/\/rsv-gau-algesheim.de\/index.php?rest_route=%2Fwp%2Fv2%2Fmedia&parent=3055"}],"wp:term":[{"taxonomy":"category","embeddable":true,"href":"https:\/\/rsv-gau-algesheim.de\/index.php?rest_route=%2Fwp%2Fv2%2Fcategories&post=3055"},{"taxonomy":"post_tag","embeddable":true,"href":"https:\/\/rsv-gau-algesheim.de\/index.php?rest_route=%2Fwp%2Fv2%2Ftags&post=3055"}],"curies":[{"name":"wp","href":"https:\/\/api.w.org\/{rel}","templated":true}]}}