{"id":3035,"date":"2022-08-20T09:59:16","date_gmt":"2022-08-20T07:59:16","guid":{"rendered":"http:\/\/nxe2u9u7.web46.alfahosting-server.de\/?p=3035"},"modified":"2022-08-20T10:00:58","modified_gmt":"2022-08-20T08:00:58","slug":"46-volksradfahren-am-11-09-2022","status":"publish","type":"post","link":"https:\/\/rsv-gau-algesheim.de\/?p=3035","title":{"rendered":"46. Volksradfahren am 11.09.2022"},"content":{"rendered":"<p>Liebe Radsportler, liebe B\u00fcrger, mit und ohne Rad, kommt zum Radsportverein. Radelt mit, oder genie\u00dft die Geselligkeit rund um die Radsporthalle mit bew\u00e4hrt-fr\u00f6hlicher Bewirtung.<a href=\"https:\/\/rsv-gau-algesheim.de\/wp-content\/uploads\/2022\/08\/vr_01.jpg\"><img loading=\"lazy\" decoding=\"async\" class=\"alignnone size-medium wp-image-3038\" src=\"https:\/\/rsv-gau-algesheim.de\/wp-content\/uploads\/2022\/08\/vr_01-211x300.jpg\" alt=\"\" width=\"211\" height=\"300\" srcset=\"https:\/\/rsv-gau-algesheim.de\/wp-content\/uploads\/2022\/08\/vr_01-211x300.jpg 211w, https:\/\/rsv-gau-algesheim.de\/wp-content\/uploads\/2022\/08\/vr_01-768x1090.jpg 768w, https:\/\/rsv-gau-algesheim.de\/wp-content\/uploads\/2022\/08\/vr_01-722x1024.jpg 722w\" sizes=\"auto, (max-width: 211px) 100vw, 211px\" \/><\/a>\u00a0 \u00a0 \u00a0 \u00a0<a href=\"https:\/\/rsv-gau-algesheim.de\/wp-content\/uploads\/2022\/08\/vr_02.jpg\"><img loading=\"lazy\" decoding=\"async\" class=\"alignnone size-medium wp-image-3039\" src=\"https:\/\/rsv-gau-algesheim.de\/wp-content\/uploads\/2022\/08\/vr_02-211x300.jpg\" alt=\"\" width=\"211\" height=\"300\" srcset=\"https:\/\/rsv-gau-algesheim.de\/wp-content\/uploads\/2022\/08\/vr_02-211x300.jpg 211w, https:\/\/rsv-gau-algesheim.de\/wp-content\/uploads\/2022\/08\/vr_02-768x1090.jpg 768w, https:\/\/rsv-gau-algesheim.de\/wp-content\/uploads\/2022\/08\/vr_02-722x1024.jpg 722w\" sizes=\"auto, (max-width: 211px) 100vw, 211px\" \/><\/a><\/p>\n","protected":false},"excerpt":{"rendered":"<p>Liebe Radsportler, liebe B\u00fcrger, mit und ohne Rad, kommt zum Radsportverein. Radelt mit, oder genie\u00dft die Geselligkeit rund um die Radsporthalle mit bew\u00e4hrt-fr\u00f6hlicher Bewirtung.\u00a0 \u00a0 \u00a0 \u00a0<\/p>\n","protected":false},"author":5,"featured_media":3037,"comment_status":"closed","ping_status":"closed","sticky":false,"template":"","format":"standard","meta":{"_jetpack_memberships_contains_paid_content":false,"footnotes":""},"categories":[1,10],"tags":[],"class_list":["post-3035","post","type-post","status-publish","format-standard","has-post-thumbnail","hentry","category-allgemein","category-veranstaltung"],"jetpack_featured_media_url":"https:\/\/rsv-gau-algesheim.de\/wp-content\/uploads\/2022\/08\/Medaille-RSV-Volksradfahren-2022.jpg","jetpack_sharing_enabled":true,"_links":{"self":[{"href":"https:\/\/rsv-gau-algesheim.de\/index.php?rest_route=\/wp\/v2\/posts\/3035","targetHints":{"allow":["GET"]}}],"collection":[{"href":"https:\/\/rsv-gau-algesheim.de\/index.php?rest_route=\/wp\/v2\/posts"}],"about":[{"href":"https:\/\/rsv-gau-algesheim.de\/index.php?rest_route=\/wp\/v2\/types\/post"}],"author":[{"embeddable":true,"href":"https:\/\/rsv-gau-algesheim.de\/index.php?rest_route=\/wp\/v2\/users\/5"}],"replies":[{"embeddable":true,"href":"https:\/\/rsv-gau-algesheim.de\/index.php?rest_route=%2Fwp%2Fv2%2Fcomments&post=3035"}],"version-history":[{"count":3,"href":"https:\/\/rsv-gau-algesheim.de\/index.php?rest_route=\/wp\/v2\/posts\/3035\/revisions"}],"predecessor-version":[{"id":3042,"href":"https:\/\/rsv-gau-algesheim.de\/index.php?rest_route=\/wp\/v2\/posts\/3035\/revisions\/3042"}],"wp:featuredmedia":[{"embeddable":true,"href":"https:\/\/rsv-gau-algesheim.de\/index.php?rest_route=\/wp\/v2\/media\/3037"}],"wp:attachment":[{"href":"https:\/\/rsv-gau-algesheim.de\/index.php?rest_route=%2Fwp%2Fv2%2Fmedia&parent=3035"}],"wp:term":[{"taxonomy":"category","embeddable":true,"href":"https:\/\/rsv-gau-algesheim.de\/index.php?rest_route=%2Fwp%2Fv2%2Fcategories&post=3035"},{"taxonomy":"post_tag","embeddable":true,"href":"https:\/\/rsv-gau-algesheim.de\/index.php?rest_route=%2Fwp%2Fv2%2Ftags&post=3035"}],"curies":[{"name":"wp","href":"https:\/\/api.w.org\/{rel}","templated":true}]}}