{"id":3024,"date":"2022-07-26T20:03:59","date_gmt":"2022-07-26T18:03:59","guid":{"rendered":"http:\/\/nxe2u9u7.web46.alfahosting-server.de\/?p=3024"},"modified":"2022-07-29T18:56:36","modified_gmt":"2022-07-29T16:56:36","slug":"jahreshauptversammlung-23-06-2022","status":"publish","type":"post","link":"https:\/\/rsv-gau-algesheim.de\/?p=3024","title":{"rendered":"Jahreshauptversammlung           23.06.2022"},"content":{"rendered":"<p>Jahreshauptversammlung \u00a0\u00a0\u00a0\u00a0\u00a0\u00a0\u00a0\u00a0\u00a0 23.06.2022<\/p>\n<p>&nbsp;<\/p>\n<p><a href=\"https:\/\/rsv-gau-algesheim.de\/wp-content\/uploads\/2022\/07\/DSCF0426897.jpg\"><img loading=\"lazy\" decoding=\"async\" class=\"size-medium wp-image-3026 alignright\" src=\"https:\/\/rsv-gau-algesheim.de\/wp-content\/uploads\/2022\/07\/DSCF0426897-300x208.jpg\" alt=\"\" width=\"300\" height=\"208\" \/><\/a><\/p>\n<p>Die 1. Vorsitzende Christiane Sch\u00f6n berichtet, nach der Begr\u00fc\u00dfung der Mitglieder, des Vertreters der Stadt Joachim Cohausz und dem Gedenken der Verstorben ausdr\u00fccklich nicht von den im letzten Jahr ausgefallenen oder verschobenen Events, sie weist auf die Aktivit\u00e4ten hin, welche trotzdem und gerade deshalb durchgef\u00fchrt wurden.<\/p>\n<p>&nbsp;<\/p>\n<p>Im vergangenen Vereinsjahr wurden zum Volksradfahr-Termin lecker und reichlich gef\u00fcllte\u00a0 Picknickt\u00fcten an der RSV-Hallent\u00fcr angeboten, mit der Einladung an jeden doch die bekannte Strecke oder auch eine andere Tour mit dem Fahrrad und der Familie zu radeln.<\/p>\n<p>&nbsp;<\/p>\n<p>Im Oktober starteten die Trainer eine neue Aktion um weitere Kinder unseren Hallenradsport n\u00e4her zu bringen, sie daf\u00fcr zu begeistern und nat\u00fcrlich auch weitere Mitglieder zu gewinnen. Eine erfolgreiche Aktion.<\/p>\n<p>&nbsp;<\/p>\n<p>Bereits im letzten Jahr begannen die ersten Vorbereitungstreffen f\u00fcr das anstehende Jubil\u00e4um. 2023 wird der Radsportverein 125 Jahre alt und dies wollen wir gemeinsam feiern.<\/p>\n<p>Wer hat noch alte Bilder, Pokale, alte Trainingskleidung, ein altes Rad, bitte melden Sie sich?<\/p>\n<p>Hinweis auf unsere Homepage: hier l\u00e4uft schon der Count Down Z\u00e4hler.<\/p>\n<p>&nbsp;<\/p>\n<p>Der Seitenstreifen an der Halle wurde mit einem Weg befestigt, damit das Efeu sich nicht mehr an unserer Halle festklammern kann. Der Zaun befestigt und hier bl\u00fcht bald eine tolle Blumenwiese, die Insekten d\u00fcrfen sich erfreuen.<\/p>\n<p>&nbsp;<\/p>\n<p>Die Fachwarte berichteten von dem vergangenen, ebenso gepr\u00e4gten Sportjahr, den Aktionen, Platzierungen der Mannschaften und Einzelsportler.<\/p>\n<p>Die Sportler Jan Leyer und Gerome Scholz wurden f\u00fcr ihre tollen Leistungen im Jahr 2021 geehrt und kleine Pr\u00e4sente \u00fcberreicht.<\/p>\n<p>&nbsp;<\/p>\n<p>Turnusgem\u00e4\u00df stand eigentlich nur die Wahl eines neuen Kassenpr\u00fcfers an. Dies wurde erweitert, da der Finanzreferent sein Amt in j\u00fcngerer H\u00e4nde \u00fcbergeben wollte. Klaus Hattemer trat nach langj\u00e4hriger und \u00e4u\u00dferst erfolgreicher T\u00e4tigkeit als Finanzreferent von seinem Amt zur\u00fcck. Die anwesenden Mitglieder bedankten sich bei ihm mit lang anhaltenden stehenden Ovationen.<\/p>\n<p>&nbsp;<\/p>\n<p>Lisa Hattemer wurde zu seiner Nachfolgerin gew\u00e4hlt. Klaus Hattemer bleibt dem Vorstand als Beisitzer erhalten. Das Amt des Referenten f\u00fcr \u00d6ffentlichkeitsarbeit hat nun Jan Leyer.<\/p>\n<p>&nbsp;<\/p>\n<p>Im Anschluss durfte die Mitgliederversammlung Bernhard Peil f\u00fcr 50 Jahre Mitgliedschaft mit einer ergreifenden Laudatio von Hermann Sch\u00f6n und sch\u00f6nen Erinnerungen, besonders ehren. Dazu wurde auch sein umfangreiches Engagement f\u00fcr den Verein hervorgehoben. Die Versammlung ernannte ihn zum Ehrenmitglied.<\/p>\n<p>&nbsp;<\/p>\n<p>Dies wurde im Anschluss an die Vollversammlung noch gemeinsam gefeiert. Der Verein geht motiviert ans Werk, sportlich und mit Blick auf das anstehende Jubil\u00e4um optimistisch.<\/p>\n<p>&nbsp;<\/p>\n<p>Wir m\u00fcssen am \u201eBall\u201c \u2013 hier im RSV am \u201eRad\u201c- bleiben!<\/p>\n<p>&nbsp;<\/p>\n","protected":false},"excerpt":{"rendered":"<p>Jahreshauptversammlung \u00a0\u00a0\u00a0\u00a0\u00a0\u00a0\u00a0\u00a0\u00a0 23.06.2022 &nbsp; Die 1. Vorsitzende Christiane Sch\u00f6n berichtet, nach der Begr\u00fc\u00dfung der Mitglieder, des Vertreters der Stadt Joachim Cohausz und dem Gedenken der Verstorben ausdr\u00fccklich nicht von den im letzten Jahr ausgefallenen oder verschobenen Events, sie weist auf die Aktivit\u00e4ten hin, welche trotzdem und gerade deshalb durchgef\u00fchrt wurden. &nbsp; Im vergangenen Vereinsjahr wurden zum Volksradfahr-Termin lecker und reichlich<\/p>\n","protected":false},"author":2,"featured_media":3026,"comment_status":"closed","ping_status":"closed","sticky":false,"template":"","format":"standard","meta":{"_jetpack_memberships_contains_paid_content":false,"footnotes":""},"categories":[1],"tags":[],"class_list":["post-3024","post","type-post","status-publish","format-standard","has-post-thumbnail","hentry","category-allgemein"],"jetpack_featured_media_url":"https:\/\/rsv-gau-algesheim.de\/wp-content\/uploads\/2022\/07\/DSCF0426897-e1659113781557.jpg","jetpack_sharing_enabled":true,"_links":{"self":[{"href":"https:\/\/rsv-gau-algesheim.de\/index.php?rest_route=\/wp\/v2\/posts\/3024","targetHints":{"allow":["GET"]}}],"collection":[{"href":"https:\/\/rsv-gau-algesheim.de\/index.php?rest_route=\/wp\/v2\/posts"}],"about":[{"href":"https:\/\/rsv-gau-algesheim.de\/index.php?rest_route=\/wp\/v2\/types\/post"}],"author":[{"embeddable":true,"href":"https:\/\/rsv-gau-algesheim.de\/index.php?rest_route=\/wp\/v2\/users\/2"}],"replies":[{"embeddable":true,"href":"https:\/\/rsv-gau-algesheim.de\/index.php?rest_route=%2Fwp%2Fv2%2Fcomments&post=3024"}],"version-history":[{"count":3,"href":"https:\/\/rsv-gau-algesheim.de\/index.php?rest_route=\/wp\/v2\/posts\/3024\/revisions"}],"predecessor-version":[{"id":3028,"href":"https:\/\/rsv-gau-algesheim.de\/index.php?rest_route=\/wp\/v2\/posts\/3024\/revisions\/3028"}],"wp:featuredmedia":[{"embeddable":true,"href":"https:\/\/rsv-gau-algesheim.de\/index.php?rest_route=\/wp\/v2\/media\/3026"}],"wp:attachment":[{"href":"https:\/\/rsv-gau-algesheim.de\/index.php?rest_route=%2Fwp%2Fv2%2Fmedia&parent=3024"}],"wp:term":[{"taxonomy":"category","embeddable":true,"href":"https:\/\/rsv-gau-algesheim.de\/index.php?rest_route=%2Fwp%2Fv2%2Fcategories&post=3024"},{"taxonomy":"post_tag","embeddable":true,"href":"https:\/\/rsv-gau-algesheim.de\/index.php?rest_route=%2Fwp%2Fv2%2Ftags&post=3024"}],"curies":[{"name":"wp","href":"https:\/\/api.w.org\/{rel}","templated":true}]}}