{"id":3007,"date":"2022-06-17T10:24:52","date_gmt":"2022-06-17T08:24:52","guid":{"rendered":"http:\/\/nxe2u9u7.web46.alfahosting-server.de\/?p=3007"},"modified":"2022-06-17T10:25:12","modified_gmt":"2022-06-17T08:25:12","slug":"19-carbike-tour-geplant","status":"publish","type":"post","link":"https:\/\/rsv-gau-algesheim.de\/?p=3007","title":{"rendered":"19. Car &amp; Bike Tour geplant"},"content":{"rendered":"<p><strong>19. Car &amp; Bike Tour des RSV 1898 e.V. Gau-Algesheim <\/strong><\/p>\n<p>&nbsp;<\/p>\n<p>Eine sch\u00f6ne Tages Tour ins Glantal. Es geht von Lauterecken aus auf dem GlanBlies Radweg entlang dem Glan, dem st\u00e4rksten Nebenfluss der Nahe, durch das Pf\u00e4lzer Bergland nach Kusel der drittkleinsten Kreisstadt Deutschlands und zur\u00fcck.<\/p>\n<p>Eine Tour f\u00fcr Mitglieder und Freunde des RSV, 56 km lang und ohne Steigungen.<\/p>\n<p>F\u00fcr ge\u00fcbte Alltagsradfahrer kein Problem. Wir machen 3 Pausen von jeweils gut 30 Minuten.<\/p>\n<p>Gefahrene Kilometer z\u00e4hlen beim Stadtradeln mit.\u00a0\u00a0\u00a0 Teilnehmerzahl: max. 40 Personen.<\/p>\n<p><strong>\u00a0<\/strong><\/p>\n<p><strong>Termin<\/strong>:\u00a0\u00a0\u00a0\u00a0\u00a0\u00a0\u00a0\u00a0 Sonntag, den 04.09.2022<\/p>\n<p><strong>\u00a0<\/strong><\/p>\n<p><strong>Treffpunkt<\/strong>:\u00a0 9 Uhr an der Radsporthalle in Gau-Algesheim, Appenheimer Stra\u00dfe 51.<\/p>\n<p>Sie kommen mit dem Fahrrad.\u00a0 Wir stellen Autos und Verpflegung bereit.<\/p>\n<p><strong>\u00a0\u00a0\u00a0\u00a0\u00a0\u00a0\u00a0\u00a0\u00a0\u00a0\u00a0\u00a0\u00a0\u00a0\u00a0\u00a0\u00a0\u00a0\u00a0\u00a0\u00a0\u00a0 <\/strong><\/p>\n<p><strong>Mit den Autos (Cars):<\/strong>\u00a0 auf der B41 fahren wir ins Naheland \u00fcber Waldb\u00f6ckelheim, Staudernheim, Lauschied, an Meisenheim vorbei nach Lauterecken. (f\u00fcrs Navi): 67742 Lauterecken, Parkplatz Sparkasse &#8211; Schlossgasse 20.\u00a0 Autostrecke 65 km.\u00a0 Fahrzeit ca. 1 Stunde.\u00a0 Ankunft dort ca. 10.30 Uhr.<\/p>\n<p><strong>\u00a0<\/strong><\/p>\n<p><strong>Mit den Fahrr\u00e4dern (Bikes):<\/strong>\u00a0 vom Parkplatz aus radeln wir auf dem Glan Blies Radweg, entlang der Glantalbahn, zum Draisinenbahnhof St.Julian. Nach ca.10 km -&gt; 1. Pause. Weck, Worschd und Woi warten auf uns. Frisch gest\u00e4rkt geht es an der Draisinenstrecke weiter, an der Erdesbacher M\u00fchle und der Endstation der Draisinenstrecke Altenglan vorbei, nach Kusel\u00a0 -&gt; 2. Pause. Am Hutmacherbrunnen auf dem Marktplatz werden wir erwartet um interessantes \u00fcber Kusel im Musikantenland zu erfahren.<\/p>\n<p>Weiter geht`s die gleiche Strecke zur\u00fcck nach Ulmet -&gt; 3. Pause an der 950 Jahre alten Flurskapelle und der Kapeller Br\u00fccke \u00fcber den Glan, der immerhin \u00fcber 100 Jahre Grenze zwischen der bayerischen Rheinpfalz und der preu\u00dfischen Rheinprovinz war. Auch hier erwartet uns eine kleine F\u00fchrung. Danach geht es am Schlo\u00df Veldenz vorbei zur\u00fcck zum Parkplatz in Lauterecken. Nachdem die R\u00e4der wieder verladen sind, geht es nach Hause zur\u00fcck an den wundersch\u00f6nen Rhein in unser St\u00e4dtelein Gau-Algesheim.<\/p>\n<p><strong>\u00a0<\/strong><\/p>\n<p><strong>Ankunft zur\u00fcck<\/strong>:\u00a0\u00a0 ca. 18 Uhr an der Radsporthalle.<\/p>\n<p>F\u00fcr gutes Wetter ist gesorgt.\u00a0\u00a0 Ein Begleitfahrzeug ist immer in unserer N\u00e4he.<\/p>\n<p>Kostenobolus: 10 Euro (incl. F\u00fchrungen).\u00a0\u00a0\u00a0\u00a0\u00a0\u00a0\u00a0\u00a0 Gru\u00df Hermann<\/p>\n<p>&nbsp;<\/p>\n<p><strong>Weitere Infos und Anmeldung (bitte bis 15.08.2022) bei Hermann Sch\u00f6n. <\/strong><\/p>\n<p><strong>Wer kommt mit seinem eigenen Auto und bringt seinen Hecktr\u00e4ger mit?<\/strong><\/p>\n<p>06725\/3085728 * 0171\/3752021 : hermann.schoen@live.de<\/p>\n<p>Hermann Sch\u00f6n, Referent Breitensport <em>\u00a0<\/em><\/p>\n<p>Ernst Ludwig Stra\u00dfe 76, 55435 Gau-Algesheim<\/p>\n","protected":false},"excerpt":{"rendered":"<p>19. Car &amp; Bike Tour des RSV 1898 e.V. Gau-Algesheim &nbsp; Eine sch\u00f6ne Tages Tour ins Glantal. Es geht von Lauterecken aus auf dem GlanBlies Radweg entlang dem Glan, dem st\u00e4rksten Nebenfluss der Nahe, durch das Pf\u00e4lzer Bergland nach Kusel der drittkleinsten Kreisstadt Deutschlands und zur\u00fcck. Eine Tour f\u00fcr Mitglieder und Freunde des RSV, 56 km lang und ohne Steigungen.<\/p>\n","protected":false},"author":5,"featured_media":2711,"comment_status":"closed","ping_status":"closed","sticky":false,"template":"","format":"standard","meta":{"_jetpack_memberships_contains_paid_content":false,"footnotes":""},"categories":[1,10],"tags":[],"class_list":["post-3007","post","type-post","status-publish","format-standard","has-post-thumbnail","hentry","category-allgemein","category-veranstaltung"],"jetpack_featured_media_url":"https:\/\/rsv-gau-algesheim.de\/wp-content\/uploads\/2020\/08\/Ausflug-RSV-CarBike-08-2019-073.jpg","jetpack_sharing_enabled":true,"_links":{"self":[{"href":"https:\/\/rsv-gau-algesheim.de\/index.php?rest_route=\/wp\/v2\/posts\/3007","targetHints":{"allow":["GET"]}}],"collection":[{"href":"https:\/\/rsv-gau-algesheim.de\/index.php?rest_route=\/wp\/v2\/posts"}],"about":[{"href":"https:\/\/rsv-gau-algesheim.de\/index.php?rest_route=\/wp\/v2\/types\/post"}],"author":[{"embeddable":true,"href":"https:\/\/rsv-gau-algesheim.de\/index.php?rest_route=\/wp\/v2\/users\/5"}],"replies":[{"embeddable":true,"href":"https:\/\/rsv-gau-algesheim.de\/index.php?rest_route=%2Fwp%2Fv2%2Fcomments&post=3007"}],"version-history":[{"count":2,"href":"https:\/\/rsv-gau-algesheim.de\/index.php?rest_route=\/wp\/v2\/posts\/3007\/revisions"}],"predecessor-version":[{"id":3009,"href":"https:\/\/rsv-gau-algesheim.de\/index.php?rest_route=\/wp\/v2\/posts\/3007\/revisions\/3009"}],"wp:featuredmedia":[{"embeddable":true,"href":"https:\/\/rsv-gau-algesheim.de\/index.php?rest_route=\/wp\/v2\/media\/2711"}],"wp:attachment":[{"href":"https:\/\/rsv-gau-algesheim.de\/index.php?rest_route=%2Fwp%2Fv2%2Fmedia&parent=3007"}],"wp:term":[{"taxonomy":"category","embeddable":true,"href":"https:\/\/rsv-gau-algesheim.de\/index.php?rest_route=%2Fwp%2Fv2%2Fcategories&post=3007"},{"taxonomy":"post_tag","embeddable":true,"href":"https:\/\/rsv-gau-algesheim.de\/index.php?rest_route=%2Fwp%2Fv2%2Ftags&post=3007"}],"curies":[{"name":"wp","href":"https:\/\/api.w.org\/{rel}","templated":true}]}}