{"id":2943,"date":"2022-04-30T11:18:46","date_gmt":"2022-04-30T09:18:46","guid":{"rendered":"http:\/\/nxe2u9u7.web46.alfahosting-server.de\/?p=2943"},"modified":"2022-04-30T11:19:20","modified_gmt":"2022-04-30T09:19:20","slug":"sportlerehrung-der-stadt-gau-algesheim-3","status":"publish","type":"post","link":"https:\/\/rsv-gau-algesheim.de\/?p=2943","title":{"rendered":"Sportlerehrung der Stadt Gau-Algesheim"},"content":{"rendered":"<p>f\u00fcr besondere sportliche Erfolge ernennt die Stadt Gau-Algesheim die 4er Einradmannschaft und Jan Leyer zum Sportler des Jahres<\/p>\n<p><a href=\"https:\/\/rsv-gau-algesheim.de\/wp-content\/uploads\/2022\/04\/20220429_220014.jpg\"><img loading=\"lazy\" decoding=\"async\" class=\"alignnone size-medium wp-image-2946\" src=\"https:\/\/rsv-gau-algesheim.de\/wp-content\/uploads\/2022\/04\/20220429_220014-300x172.jpg\" alt=\"\" width=\"300\" height=\"172\" srcset=\"https:\/\/rsv-gau-algesheim.de\/wp-content\/uploads\/2022\/04\/20220429_220014-300x172.jpg 300w, https:\/\/rsv-gau-algesheim.de\/wp-content\/uploads\/2022\/04\/20220429_220014-768x440.jpg 768w, https:\/\/rsv-gau-algesheim.de\/wp-content\/uploads\/2022\/04\/20220429_220014-1024x587.jpg 1024w, https:\/\/rsv-gau-algesheim.de\/wp-content\/uploads\/2022\/04\/20220429_220014.jpg 1435w\" sizes=\"auto, (max-width: 300px) 100vw, 300px\" \/><\/a> <a href=\"https:\/\/rsv-gau-algesheim.de\/wp-content\/uploads\/2022\/04\/20220429_220117.jpg\"><img loading=\"lazy\" decoding=\"async\" class=\"alignnone size-medium wp-image-2947\" src=\"https:\/\/rsv-gau-algesheim.de\/wp-content\/uploads\/2022\/04\/20220429_220117-300x163.jpg\" alt=\"\" width=\"300\" height=\"163\" srcset=\"https:\/\/rsv-gau-algesheim.de\/wp-content\/uploads\/2022\/04\/20220429_220117-300x163.jpg 300w, https:\/\/rsv-gau-algesheim.de\/wp-content\/uploads\/2022\/04\/20220429_220117-768x416.jpg 768w, https:\/\/rsv-gau-algesheim.de\/wp-content\/uploads\/2022\/04\/20220429_220117-1024x555.jpg 1024w\" sizes=\"auto, (max-width: 300px) 100vw, 300px\" \/><\/a><a href=\"https:\/\/rsv-gau-algesheim.de\/wp-content\/uploads\/2022\/04\/20220429_194009.jpg\"><img loading=\"lazy\" decoding=\"async\" class=\"alignnone size-medium wp-image-2945\" src=\"https:\/\/rsv-gau-algesheim.de\/wp-content\/uploads\/2022\/04\/20220429_194009-300x225.jpg\" alt=\"\" width=\"300\" height=\"225\" srcset=\"https:\/\/rsv-gau-algesheim.de\/wp-content\/uploads\/2022\/04\/20220429_194009-300x225.jpg 300w, https:\/\/rsv-gau-algesheim.de\/wp-content\/uploads\/2022\/04\/20220429_194009-768x576.jpg 768w, https:\/\/rsv-gau-algesheim.de\/wp-content\/uploads\/2022\/04\/20220429_194009-1024x768.jpg 1024w\" sizes=\"auto, (max-width: 300px) 100vw, 300px\" \/><\/a><\/p>\n<p>Nachdem sich<strong> Jan<\/strong> im Jahr 2017 wieder f\u00fcr den Kunstradsport begeisterte, startete er 2018 mit den ersten Wettk\u00e4mpfen. Seine aufgestellten und ausgefahrenen Punktzahlen konnte er aufgrund des flei\u00dfigen Trainings kontinuierlich steigern.<\/p>\n<p>Auch im Jahr 2020 standen die Kreis-, Rheinhessen und RLP Meisterschaft sowie weitere Pokalwettk\u00e4mpfe auf den Plan. Mit seinem Trainergespann Klaus und Andrea B\u00f6er sowie Lisa Hattemer bereitete er sich sehr gut auf die Wettk\u00e4mpfe vor, sodass er hochmotiviert am 2. Februar mit der Kreismeisterschaft in Worms in die Saison 2020 startete. Von Kreis- \u00fcber Rheinhessen- bis zur RLP Meisterschaft steigerte er seine ausgefahrene Punktzahl und konnte sich bei allen drei Meisterschaften den Titel sichern. Zudem erreichte er beim Saisonh\u00f6hepunkt, der RLP Meisterschaft, eine neue pers\u00f6nliche Bestleistung mit 64,80 Punkten.<\/p>\n<p>Nun ahnte keiner, dass aufgrund der Corona Pandemie am 8. M\u00e4rz 2020 mit der Junioren RLP Meisterschaft der letzte Wettkampf f\u00fcr einen sehr langen Zeitraum stattfinden sollte. Bis Anfang Juni standen die R\u00e4der im RSV Gau-Algesheim komplett still und Jan hielt sich mit Home Workouts und Laufrunden fit. Das Radtraining konnte nach dieser ungewollten Pause von Juni bis Ende Oktober wieder aufgenommen werden und Jan trainierte flei\u00dfig weiter, um neue \u00dcbungen zu erlernen und sich auf eine hoffentlich stattfindende Saison 2021, sein vorletztes Jahr bei den 1er Junioren, vorzubereiten. Mit der erneuten \u201eCorona Zwangspause\u201c von November 2020 bis Juni 2021 war klar, dass es keine \u201enormale\u201c Saison 2021 geben wird. Nach diesem halben Jahr ohne Kunstradtraining, waren Jan und seine Trainer sehr froh, dass im Juni 2021 die R\u00e4der endlich wieder rollten und Jan dort ankn\u00fcpfen konnte, wo er bei seinem letzten Training im Oktober 2020 aufgeh\u00f6rt hatte. Schnell fuhr er alle bereits gelernten \u00dcbungen wieder sicher und konnte sich darauf konzentrieren, neue Elemente zu lernen. Er lie\u00df es sich nicht nehmen, im Oktober 2021 am Turnier der Jugend in Worms zu starten, das gleichzeitig als RLP Meisterschaft der Junioren ausgetragen wurde. Bewundernswert ist, dass er trotz der langen Pausen beim Turnier seine aufgestellte Punktzahl um ca. 20 Punkte gegen\u00fcber seinem letzten Wettkampf steigerte und er seine pers\u00f6nliche Bestleistung auf 70,92 Punkte hoch schraubte. Mit dieser Punktzahl sicherte er sich den Vize-RLP-Meister Titel bei den 1er Junioren.<\/p>\n<p><strong>4er Einrad Juniorinnen<\/strong><br \/>\nFinja Ortner, Anja Eckardt, Marina Wenzel , Elisabeth Kitzinger<\/p>\n<p>Fahren seit 2017 zusammen Einrad auf deutschem Top Niveau<br \/>\nSeit <a href=\"tel:2020\">2020<\/a> in der Altersklasse Juniorinnen.<br \/>\n<a href=\"tel:2020\">2020<\/a> wurde die Saison vorzeitig abgebrochen, an der Deutschen Meisterschaft konnten die 4 deshalb (trotz fast sicherer Qualifikation)\u00a0nicht teilnehmen.<br \/>\n<a href=\"tel:2021\">2021<\/a> gab es auch quasi keine Wettk\u00e4mpfe. Nur ein Vorbereitungswettbewerb und dann die Deutsche Meisterschaft.<br \/>\nTrotz wenig Training und einem ung\u00fcnstigen Termin der DM (in den Sommerferien) entschlossen sich die Sportler und Trainer an der DM teilzunehmen. Viele andere Vereine und Mannschaften haben sich dagegen entschieden. Das erkl\u00e4rt auch warum das Teilnehmerfeld in dem Jahr gering war. Trotzdem soll das nicht die Leistung der 4 Sportlerinnen mindern. Mit ihren konstanten Leistungen haben sie ihren bisher gr\u00f6\u00dften Erfolg eingefahren: sie belegten den 3. Platz bei der deutschen Meisterschaft.<\/p>\n<p>In 2022 werden Marina, Finia und Anja gemeinsam mit Jan Leyer an den Start gehen.<\/p>\n<p>Erfolge:<br \/>\n<a href=\"tel:2021\">2021<\/a>: 3. Platz Deutsche Meisterschaft Juniorinnen<br \/>\n<a href=\"tel:2020\">2020<\/a>: 3. Platz Rheinland-Pfalz Meisterschaft ( danach Saison Corona bedingt ausgefallen)<br \/>\n<a href=\"tel:20194\">2019: 4<\/a>. Platz deutsche Meisterschaft Sch\u00fclerinnen<br \/>\n<a href=\"tel:20187\">2018: 7<\/a>. Platz deutsche Meisterschaft Sch\u00fclerinnen<br \/>\n<a href=\"tel:2017\">2017<\/a>: 7. Platz deutsche Meisterschaft Sch\u00fclerinnen<\/p>\n","protected":false},"excerpt":{"rendered":"<p>f\u00fcr besondere sportliche Erfolge ernennt die Stadt Gau-Algesheim die 4er Einradmannschaft und Jan Leyer zum Sportler des Jahres Nachdem sich Jan im Jahr 2017 wieder f\u00fcr den Kunstradsport begeisterte, startete er 2018 mit den ersten Wettk\u00e4mpfen. Seine aufgestellten und ausgefahrenen Punktzahlen konnte er aufgrund des flei\u00dfigen Trainings kontinuierlich steigern. Auch im Jahr 2020 standen die Kreis-, Rheinhessen und RLP Meisterschaft<\/p>\n","protected":false},"author":5,"featured_media":2944,"comment_status":"closed","ping_status":"closed","sticky":false,"template":"","format":"standard","meta":{"_jetpack_memberships_contains_paid_content":false,"footnotes":""},"categories":[1,10],"tags":[],"class_list":["post-2943","post","type-post","status-publish","format-standard","has-post-thumbnail","hentry","category-allgemein","category-veranstaltung"],"jetpack_featured_media_url":"https:\/\/rsv-gau-algesheim.de\/wp-content\/uploads\/2022\/04\/20220429_193636.jpg","jetpack_sharing_enabled":true,"_links":{"self":[{"href":"https:\/\/rsv-gau-algesheim.de\/index.php?rest_route=\/wp\/v2\/posts\/2943","targetHints":{"allow":["GET"]}}],"collection":[{"href":"https:\/\/rsv-gau-algesheim.de\/index.php?rest_route=\/wp\/v2\/posts"}],"about":[{"href":"https:\/\/rsv-gau-algesheim.de\/index.php?rest_route=\/wp\/v2\/types\/post"}],"author":[{"embeddable":true,"href":"https:\/\/rsv-gau-algesheim.de\/index.php?rest_route=\/wp\/v2\/users\/5"}],"replies":[{"embeddable":true,"href":"https:\/\/rsv-gau-algesheim.de\/index.php?rest_route=%2Fwp%2Fv2%2Fcomments&post=2943"}],"version-history":[{"count":2,"href":"https:\/\/rsv-gau-algesheim.de\/index.php?rest_route=\/wp\/v2\/posts\/2943\/revisions"}],"predecessor-version":[{"id":2949,"href":"https:\/\/rsv-gau-algesheim.de\/index.php?rest_route=\/wp\/v2\/posts\/2943\/revisions\/2949"}],"wp:featuredmedia":[{"embeddable":true,"href":"https:\/\/rsv-gau-algesheim.de\/index.php?rest_route=\/wp\/v2\/media\/2944"}],"wp:attachment":[{"href":"https:\/\/rsv-gau-algesheim.de\/index.php?rest_route=%2Fwp%2Fv2%2Fmedia&parent=2943"}],"wp:term":[{"taxonomy":"category","embeddable":true,"href":"https:\/\/rsv-gau-algesheim.de\/index.php?rest_route=%2Fwp%2Fv2%2Fcategories&post=2943"},{"taxonomy":"post_tag","embeddable":true,"href":"https:\/\/rsv-gau-algesheim.de\/index.php?rest_route=%2Fwp%2Fv2%2Ftags&post=2943"}],"curies":[{"name":"wp","href":"https:\/\/api.w.org\/{rel}","templated":true}]}}