{"id":2840,"date":"2021-07-25T16:00:44","date_gmt":"2021-07-25T14:00:44","guid":{"rendered":"http:\/\/nxe2u9u7.web46.alfahosting-server.de\/?p=2840"},"modified":"2021-07-25T16:07:23","modified_gmt":"2021-07-25T14:07:23","slug":"stadtradeln-2021-mit-dem-radsportverein","status":"publish","type":"post","link":"https:\/\/rsv-gau-algesheim.de\/?p=2840","title":{"rendered":"Stadtradeln 2021 mit dem Radsportverein"},"content":{"rendered":"<p>Meldet euch an und radelt mit:\u00a0 \u00a0<em><strong>Gau-Angels vom RSV<\/strong><\/em><\/p>\n<p><a href=\"https:\/\/www.stadtradeln.de\/verbandsgemeinde-gau-algesheim\">https:\/\/www.stadtradeln.de\/verbandsgemeinde-gau-algesheim<\/a><\/p>\n<p>&nbsp;<\/p>\n<p><a href=\"https:\/\/rsv-gau-algesheim.de\/wp-content\/uploads\/2021\/07\/benno.jpg\"><img loading=\"lazy\" decoding=\"async\" class=\"alignnone size-medium wp-image-2841\" src=\"https:\/\/rsv-gau-algesheim.de\/wp-content\/uploads\/2021\/07\/benno-133x300.jpg\" alt=\"\" width=\"133\" height=\"300\" srcset=\"https:\/\/rsv-gau-algesheim.de\/wp-content\/uploads\/2021\/07\/benno-133x300.jpg 133w, https:\/\/rsv-gau-algesheim.de\/wp-content\/uploads\/2021\/07\/benno.jpg 241w\" sizes=\"auto, (max-width: 133px) 100vw, 133px\" \/><\/a><\/p>\n<p><a href=\"https:\/\/rsv-gau-algesheim.de\/wp-content\/uploads\/2021\/07\/Stadtradeln-III.jpg\"><img loading=\"lazy\" decoding=\"async\" class=\"alignnone size-full wp-image-2843\" src=\"https:\/\/rsv-gau-algesheim.de\/wp-content\/uploads\/2021\/07\/Stadtradeln-III.jpg\" alt=\"\" width=\"226\" height=\"74\" \/><\/a><\/p>\n<p>Die weltgr\u00f6\u00dfte Fahrradkampagne geht in die n\u00e4chste Runde \u2013 und die<br \/>\nVerbandsgemeinde Gau-Algesheim ist auch dieses Jahr wieder dabei!<br \/>\nDie Stadt Gau-Algesheim beteiligt sich bereits seit 2014 an der Fahrradkampagne STADTRADELN des Klima-B\u00fcndnis, dem gr\u00f6\u00dften kommunalen<br \/>\nNetzwerk zum Klimaschutz. Auch in diesem Jahr beteiligt sich die Verbandsgemeinde Gau-Algesheim mit der Stadt Gau-Algesheim und den sieben<br \/>\nOrtsgemeinden wieder an dem Wettbewerb. Mitglieder des Stadtrates, der<br \/>\nGemeinder\u00e4te sowie B\u00fcrgerInnen und B\u00fcrger sind eingeladen, vom 23.08.\u2013<br \/>\n12.09.2021 drei Wochen lang kr\u00e4ftig in die Pedale zu treten und m\u00f6glichst<br \/>\nviele Fahrradkilometer beruflich sowie privat f\u00fcr den Klimaschutz und f\u00fcr die<br \/>\nVG Gau-Algesheim zu sammeln.<br \/>\nAu\u00dferdem sucht die Verbandsgemeinde Gau-Algesheim sogenannte<br \/>\nSTADTRADLER-STARS, d. h. Menschen, die w\u00e4hrend des Aktionszeitraums<br \/>\ndemonstrativ ihr Auto stehen lassen und komplett aufs Fahrrad umsteigen.<br \/>\nDavon profi tiert nicht nur die Umwelt, denn den engagiertesten Kommunen,<br \/>\nKommunalparlamenten und STADTRADLER-STARS winken eine bundesweite<br \/>\nAuszeichnung und hochwertige Sachpreise rund ums Thema Fahrrad. Die<br \/>\nVerbandsgemeinde Gau-Algesheim selbst zeichnet au\u00dferdem ihre erfolgreichsten Teams und Einzelfahrerinnen und Fahrer aus.<br \/>\nEtwa ein F\u00fcnftel der klimasch\u00e4dlichen Kohlendioxid-Emissionen in Deutschland entstehen im Verkehr: 146 Millionen Tonnen Kohlendioxid (CO2), davon<br \/>\nwird ein Gro\u00dfteil allein im Stra\u00dfenverkehr emittiert. Einige Mio. Tonnen CO2<br \/>\nlie\u00dfen sich vermeiden, wenn nur ca. 30\u2009% der Kurzstrecken bis sechs Kilometer in den Innenst\u00e4dten mit dem Fahrrad statt mit dem Auto gefahren w\u00fcrden.<br \/>\nDer B\u00fcrgermeister VG Gau-Algesheim Benno Neuhaus ruft alle ParlamentarierInnen sowie B\u00fcrgerInnen auf, beim STADTRADELN f\u00fcr den Klimaschutz<br \/>\nmitzuradeln und ein deutliches Zeichen f\u00fcr mehr Radverkehr zu setzen.<br \/>\nDie Kampagne dient der F\u00f6rderung des Null-Emissions-Fahrzeugs Fahrrad<br \/>\nim Stra\u00dfenverkehr, um u. a. Luftschadstoffe und L\u00e4rm zu reduzieren und die<br \/>\nLebensqualit\u00e4t in St\u00e4dten und Gemeinden deutlich zu verbessern.<\/p>\n<p>Radelinteressierte Mitglieder des Kommunalparlaments sowie B\u00fcrgerInnen<br \/>\nwenden sich an den Koordinator des Stadtradelns, Hermann Sch\u00f6n. Weitere<br \/>\nInfos zur Kampagne sind unter www.stadtradeln.de, auf www.rsv-gau-algesheim.de sowie auf Facebook und Instagram zu finden.<br \/>\nZudem organisiert der Radsportverein 1898 e.V. auch dieses Jahr viele<br \/>\nweitere Veranstaltungen rund um\u2018s Rad:<\/p>\n<p>Die 18. Car\u2009&amp;\u2009Bike-Tour am 05.09.2021 und schlie\u00dflich das<\/p>\n<p>47. Gau-Algesheimer Volksradfahren am 12.09.2021<\/p>\n<p>damit gleichzeitig die gro\u00dfe Abschlussveranstaltung zum Stadtradeln<\/p>\n<p><a href=\"https:\/\/rsv-gau-algesheim.de\/wp-content\/uploads\/2021\/07\/Stadtradeln-III.jpg\"><img loading=\"lazy\" decoding=\"async\" class=\"alignnone size-full wp-image-2843\" src=\"https:\/\/rsv-gau-algesheim.de\/wp-content\/uploads\/2021\/07\/Stadtradeln-III.jpg\" alt=\"\" width=\"226\" height=\"74\" \/><\/a><\/p>\n","protected":false},"excerpt":{"rendered":"<p>Meldet euch an und radelt mit:\u00a0 \u00a0Gau-Angels vom RSV https:\/\/www.stadtradeln.de\/verbandsgemeinde-gau-algesheim &nbsp; Die weltgr\u00f6\u00dfte Fahrradkampagne geht in die n\u00e4chste Runde \u2013 und die Verbandsgemeinde Gau-Algesheim ist auch dieses Jahr wieder dabei! Die Stadt Gau-Algesheim beteiligt sich bereits seit 2014 an der Fahrradkampagne STADTRADELN des Klima-B\u00fcndnis, dem gr\u00f6\u00dften kommunalen Netzwerk zum Klimaschutz. Auch in diesem Jahr beteiligt sich die Verbandsgemeinde Gau-Algesheim mit<\/p>\n","protected":false},"author":5,"featured_media":2844,"comment_status":"closed","ping_status":"closed","sticky":false,"template":"","format":"standard","meta":{"_jetpack_memberships_contains_paid_content":false,"footnotes":""},"categories":[1,10],"tags":[],"class_list":["post-2840","post","type-post","status-publish","format-standard","has-post-thumbnail","hentry","category-allgemein","category-veranstaltung"],"jetpack_featured_media_url":"https:\/\/rsv-gau-algesheim.de\/wp-content\/uploads\/2021\/07\/stadtradeln.jpg","jetpack_sharing_enabled":true,"_links":{"self":[{"href":"https:\/\/rsv-gau-algesheim.de\/index.php?rest_route=\/wp\/v2\/posts\/2840","targetHints":{"allow":["GET"]}}],"collection":[{"href":"https:\/\/rsv-gau-algesheim.de\/index.php?rest_route=\/wp\/v2\/posts"}],"about":[{"href":"https:\/\/rsv-gau-algesheim.de\/index.php?rest_route=\/wp\/v2\/types\/post"}],"author":[{"embeddable":true,"href":"https:\/\/rsv-gau-algesheim.de\/index.php?rest_route=\/wp\/v2\/users\/5"}],"replies":[{"embeddable":true,"href":"https:\/\/rsv-gau-algesheim.de\/index.php?rest_route=%2Fwp%2Fv2%2Fcomments&post=2840"}],"version-history":[{"count":5,"href":"https:\/\/rsv-gau-algesheim.de\/index.php?rest_route=\/wp\/v2\/posts\/2840\/revisions"}],"predecessor-version":[{"id":2849,"href":"https:\/\/rsv-gau-algesheim.de\/index.php?rest_route=\/wp\/v2\/posts\/2840\/revisions\/2849"}],"wp:featuredmedia":[{"embeddable":true,"href":"https:\/\/rsv-gau-algesheim.de\/index.php?rest_route=\/wp\/v2\/media\/2844"}],"wp:attachment":[{"href":"https:\/\/rsv-gau-algesheim.de\/index.php?rest_route=%2Fwp%2Fv2%2Fmedia&parent=2840"}],"wp:term":[{"taxonomy":"category","embeddable":true,"href":"https:\/\/rsv-gau-algesheim.de\/index.php?rest_route=%2Fwp%2Fv2%2Fcategories&post=2840"},{"taxonomy":"post_tag","embeddable":true,"href":"https:\/\/rsv-gau-algesheim.de\/index.php?rest_route=%2Fwp%2Fv2%2Ftags&post=2840"}],"curies":[{"name":"wp","href":"https:\/\/api.w.org\/{rel}","templated":true}]}}