{"id":2831,"date":"2021-07-13T12:43:18","date_gmt":"2021-07-13T10:43:18","guid":{"rendered":"http:\/\/nxe2u9u7.web46.alfahosting-server.de\/?p=2831"},"modified":"2021-08-17T14:38:00","modified_gmt":"2021-08-17T12:38:00","slug":"einladung-zur-jahreshauptversammlung-am-13-08-2021","status":"publish","type":"post","link":"https:\/\/rsv-gau-algesheim.de\/?p=2831","title":{"rendered":"Bericht zur Jahreshauptversammlung am 13.08.2021"},"content":{"rendered":"<p>erfreulicherweise fanden sich viele Mitglieder zur Jahreshauptversammlung 2021 in der vereinseigenen Radsporthalle ein.<\/p>\n<p>Die 1. Vorsitzende stellte nach der Begr\u00fc\u00dfung und dem Gedenken an die verstorbenen Vereinsmitglieder ihren Jahresbericht vor. Passend dazu wurden ausgew\u00e4hlte Bilder und Beitr\u00e4ge via Beamer pr\u00e4sentiert um die Vorg\u00e4nge des vergangenen Vereinsjahres den Mitgliedern darzustellen.<\/p>\n<p>Es folgten die sportlichen, pandemiebedingt oft kurzen Berichte der Sportausschu\u00dfvorsitzenden, der Abteilung Kunstrad und Radball, und des Finanzreferenten. Der Vorstand wurde nach Antrag der Kassenpr\u00fcferin entlastet, es folgten die Neuwahlen. Der Vorstand konnte komplett wiedergew\u00e4hlt werden (siehe auch Homepage)<\/p>\n<p>Nach diesem Tagesordnungspunkt erholten sich die alten und neuen Vorstandsmitglieder, sowie alle Anwesenden bei einer traditionellen Essenspause. Hier erlebte man erfreut die so vermisste Geselligkeit im Verein.<\/p>\n<p>Anschlie\u00dfend wurde J\u00fcrgen Weis f\u00fcr 25, Sieglinde Sch\u00f6n und Erwin Menges f\u00fcr 40 Jahre Mitgliedschaft im Radsportverein geehrt. Es wurden die Silberne und Goldene Vereinsnadel \u00fcberreicht.<\/p>\n<p>Hermann K\u00f6lsch und Klaus Hattemer wurden von der Versammlung zu Ehrenmitgliedern ernannt und durch ergreifende Laudationen ehemaliger Sportkameraden f\u00fcr 50 Jahre Mitgliedschaft geehrt.<\/p>\n<p>Besondere Auszeichnung wurde G\u00fcnter Burkart f\u00fcr 60 j\u00e4hrige Vereinsangeh\u00f6rigkeit zuteil und er betonte noch einmal in ganz besonderem Ma\u00dfe die Verbundenheit.<\/p>\n<p>Die seltene Ehre ein Mitglied f\u00fcr 70 Jahre auszuzeichnen wurde Klaus Sch\u00f6n zu teil, es wurde ihm hier ganz besonders gedankt, nach freundlicher Aufforderung berichtete auch er gerne aus seiner aktiven Zeit.<\/p>\n<p>Dazu wurden Bilder und Zeitungsartikel aus dem Archiv pr\u00e4sentiert.<\/p>\n<p>Die Grundlage f\u00fcr einen wundersch\u00f6nen Ausklang des Abends in geselliger und redseliger Runde war, nach einem kurzen Blick in die ersten geplanten Vereinsaktionen und dem Dank der Vorsitzenden gelegt und wurde auch genossen.<\/p>\n<p>Wie ein geehrtes Mitglied meinte: Ich war so stolz in meinem ersten Trikot und bin es noch heute auf diesen Verein.<\/p>\n<p><a href=\"https:\/\/rsv-gau-algesheim.de\/wp-content\/uploads\/2021\/07\/DSCF4735-1.jpg\"><img loading=\"lazy\" decoding=\"async\" class=\"alignnone size-medium wp-image-2882\" src=\"https:\/\/rsv-gau-algesheim.de\/wp-content\/uploads\/2021\/07\/DSCF4735-1-300x200.jpg\" alt=\"\" width=\"300\" height=\"200\" srcset=\"https:\/\/rsv-gau-algesheim.de\/wp-content\/uploads\/2021\/07\/DSCF4735-1-300x200.jpg 300w, https:\/\/rsv-gau-algesheim.de\/wp-content\/uploads\/2021\/07\/DSCF4735-1-768x512.jpg 768w, https:\/\/rsv-gau-algesheim.de\/wp-content\/uploads\/2021\/07\/DSCF4735-1-1024x683.jpg 1024w\" sizes=\"auto, (max-width: 300px) 100vw, 300px\" \/><\/a><\/p>\n<p>Foto: A. Sch\u00f6n<\/p>\n","protected":false},"excerpt":{"rendered":"<p>erfreulicherweise fanden sich viele Mitglieder zur Jahreshauptversammlung 2021 in der vereinseigenen Radsporthalle ein. Die 1. Vorsitzende stellte nach der Begr\u00fc\u00dfung und dem Gedenken an die verstorbenen Vereinsmitglieder ihren Jahresbericht vor. Passend dazu wurden ausgew\u00e4hlte Bilder und Beitr\u00e4ge via Beamer pr\u00e4sentiert um die Vorg\u00e4nge des vergangenen Vereinsjahres den Mitgliedern darzustellen. Es folgten die sportlichen, pandemiebedingt oft kurzen Berichte der Sportausschu\u00dfvorsitzenden, der<\/p>\n","protected":false},"author":5,"featured_media":2885,"comment_status":"closed","ping_status":"closed","sticky":false,"template":"","format":"standard","meta":{"_jetpack_memberships_contains_paid_content":false,"footnotes":""},"categories":[1,10],"tags":[],"class_list":["post-2831","post","type-post","status-publish","format-standard","has-post-thumbnail","hentry","category-allgemein","category-veranstaltung"],"jetpack_featured_media_url":"https:\/\/rsv-gau-algesheim.de\/wp-content\/uploads\/2021\/07\/DSCF4735a-2.jpg","jetpack_sharing_enabled":true,"_links":{"self":[{"href":"https:\/\/rsv-gau-algesheim.de\/index.php?rest_route=\/wp\/v2\/posts\/2831","targetHints":{"allow":["GET"]}}],"collection":[{"href":"https:\/\/rsv-gau-algesheim.de\/index.php?rest_route=\/wp\/v2\/posts"}],"about":[{"href":"https:\/\/rsv-gau-algesheim.de\/index.php?rest_route=\/wp\/v2\/types\/post"}],"author":[{"embeddable":true,"href":"https:\/\/rsv-gau-algesheim.de\/index.php?rest_route=\/wp\/v2\/users\/5"}],"replies":[{"embeddable":true,"href":"https:\/\/rsv-gau-algesheim.de\/index.php?rest_route=%2Fwp%2Fv2%2Fcomments&post=2831"}],"version-history":[{"count":5,"href":"https:\/\/rsv-gau-algesheim.de\/index.php?rest_route=\/wp\/v2\/posts\/2831\/revisions"}],"predecessor-version":[{"id":2884,"href":"https:\/\/rsv-gau-algesheim.de\/index.php?rest_route=\/wp\/v2\/posts\/2831\/revisions\/2884"}],"wp:featuredmedia":[{"embeddable":true,"href":"https:\/\/rsv-gau-algesheim.de\/index.php?rest_route=\/wp\/v2\/media\/2885"}],"wp:attachment":[{"href":"https:\/\/rsv-gau-algesheim.de\/index.php?rest_route=%2Fwp%2Fv2%2Fmedia&parent=2831"}],"wp:term":[{"taxonomy":"category","embeddable":true,"href":"https:\/\/rsv-gau-algesheim.de\/index.php?rest_route=%2Fwp%2Fv2%2Fcategories&post=2831"},{"taxonomy":"post_tag","embeddable":true,"href":"https:\/\/rsv-gau-algesheim.de\/index.php?rest_route=%2Fwp%2Fv2%2Ftags&post=2831"}],"curies":[{"name":"wp","href":"https:\/\/api.w.org\/{rel}","templated":true}]}}