{"id":2546,"date":"2019-11-26T12:18:52","date_gmt":"2019-11-26T10:18:52","guid":{"rendered":"http:\/\/nxe2u9u7.web46.alfahosting-server.de\/?p=2546"},"modified":"2020-02-03T18:41:37","modified_gmt":"2020-02-03T16:41:37","slug":"rsv2020plus-sportlerehrung-11-01-2020","status":"publish","type":"post","link":"https:\/\/rsv-gau-algesheim.de\/?p=2546","title":{"rendered":"RSV2020plus Sportlerehrung 11.01.2020"},"content":{"rendered":"<p>die Bilder: <a href=\"https:\/\/www.flickr.com\/photos\/131928698@N06\/albums\/72157712824138151\">https:\/\/www.flickr.com\/photos\/131928698@N06\/albums\/72157712824138151<\/a><\/p>\n<p>&nbsp;<\/p>\n<p>&nbsp;<\/p>\n<p>Einladung am 11.01.2020 um 16 Uhr<br \/>\nR\u00fcckblick auf die Erfolge der vergangenen Saison, Ausblick auf das Neue Jahr im Verein. Ehrung aller Sportler, mit kleinem Pr\u00e4sent. Kaffee + Kuchen.<br \/>\nUm 18 Uhr startet die Fackelwanderung, welche am Jugendgrillplatz hinter der Halle endet. Zur St\u00e4rkung gibt es Radelburger, Kinderpunsch und Gl\u00fchwein. Dazu Stockbrot am Lagerfeuer.<\/p>\n<p><a href=\"https:\/\/rsv-gau-algesheim.de\/wp-content\/uploads\/2019\/11\/RSV2020.jpg\"><img loading=\"lazy\" decoding=\"async\" class=\"alignnone size-medium wp-image-2547\" src=\"https:\/\/rsv-gau-algesheim.de\/wp-content\/uploads\/2019\/11\/RSV2020-261x300.jpg\" alt=\"\" width=\"261\" height=\"300\" srcset=\"https:\/\/rsv-gau-algesheim.de\/wp-content\/uploads\/2019\/11\/RSV2020-261x300.jpg 261w, https:\/\/rsv-gau-algesheim.de\/wp-content\/uploads\/2019\/11\/RSV2020.jpg 401w\" sizes=\"auto, (max-width: 261px) 100vw, 261px\" \/><\/a><\/p>\n","protected":false},"excerpt":{"rendered":"<p>die Bilder: https:\/\/www.flickr.com\/photos\/131928698@N06\/albums\/72157712824138151 &nbsp; &nbsp; Einladung am 11.01.2020 um 16 Uhr R\u00fcckblick auf die Erfolge der vergangenen Saison, Ausblick auf das Neue Jahr im Verein. Ehrung aller Sportler, mit kleinem Pr\u00e4sent. Kaffee + Kuchen. Um 18 Uhr startet die Fackelwanderung, welche am Jugendgrillplatz hinter der Halle endet. Zur St\u00e4rkung gibt es Radelburger, Kinderpunsch und Gl\u00fchwein. Dazu Stockbrot am Lagerfeuer.<\/p>\n","protected":false},"author":5,"featured_media":2548,"comment_status":"closed","ping_status":"closed","sticky":false,"template":"","format":"standard","meta":{"_jetpack_memberships_contains_paid_content":false,"footnotes":""},"categories":[1,10],"tags":[],"class_list":["post-2546","post","type-post","status-publish","format-standard","has-post-thumbnail","hentry","category-allgemein","category-veranstaltung"],"jetpack_featured_media_url":"https:\/\/rsv-gau-algesheim.de\/wp-content\/uploads\/2019\/11\/II.png","jetpack_sharing_enabled":true,"_links":{"self":[{"href":"https:\/\/rsv-gau-algesheim.de\/index.php?rest_route=\/wp\/v2\/posts\/2546","targetHints":{"allow":["GET"]}}],"collection":[{"href":"https:\/\/rsv-gau-algesheim.de\/index.php?rest_route=\/wp\/v2\/posts"}],"about":[{"href":"https:\/\/rsv-gau-algesheim.de\/index.php?rest_route=\/wp\/v2\/types\/post"}],"author":[{"embeddable":true,"href":"https:\/\/rsv-gau-algesheim.de\/index.php?rest_route=\/wp\/v2\/users\/5"}],"replies":[{"embeddable":true,"href":"https:\/\/rsv-gau-algesheim.de\/index.php?rest_route=%2Fwp%2Fv2%2Fcomments&post=2546"}],"version-history":[{"count":3,"href":"https:\/\/rsv-gau-algesheim.de\/index.php?rest_route=\/wp\/v2\/posts\/2546\/revisions"}],"predecessor-version":[{"id":2627,"href":"https:\/\/rsv-gau-algesheim.de\/index.php?rest_route=\/wp\/v2\/posts\/2546\/revisions\/2627"}],"wp:featuredmedia":[{"embeddable":true,"href":"https:\/\/rsv-gau-algesheim.de\/index.php?rest_route=\/wp\/v2\/media\/2548"}],"wp:attachment":[{"href":"https:\/\/rsv-gau-algesheim.de\/index.php?rest_route=%2Fwp%2Fv2%2Fmedia&parent=2546"}],"wp:term":[{"taxonomy":"category","embeddable":true,"href":"https:\/\/rsv-gau-algesheim.de\/index.php?rest_route=%2Fwp%2Fv2%2Fcategories&post=2546"},{"taxonomy":"post_tag","embeddable":true,"href":"https:\/\/rsv-gau-algesheim.de\/index.php?rest_route=%2Fwp%2Fv2%2Ftags&post=2546"}],"curies":[{"name":"wp","href":"https:\/\/api.w.org\/{rel}","templated":true}]}}